{"id":9282,"date":"2025-06-06T10:25:37","date_gmt":"2025-06-06T10:25:37","guid":{"rendered":"https:\/\/www.pcube.tech\/blog\/?p=9282"},"modified":"2025-11-11T16:54:43","modified_gmt":"2025-11-11T16:54:43","slug":"noticias-uc-12","status":"publish","type":"post","link":"https:\/\/www.pcube.tech\/blog\/noticias-uc-12\/","title":{"rendered":"Noticias UC"},"content":{"rendered":"<div id=\"toc\" style=\"background: #f9f9f9;border: 1px solid #aaa;margin-bottom: 1em;padding: 1em;width: 350px\">\n<p class=\"toctitle\" style=\"font-weight: 700;text-align: center\">Contenido<\/p>\n<ul class=\"toc_list\">\n<li><a href=\"#toc-0\">Los pr\u00f3ximos grandes espacios p\u00fablicos ser\u00e1n interiores. \u00bfEst\u00e1n preparados los arquitectos?<\/a><\/li>\n<li><a href=\"#toc-1\">Revistas para descargar del Instituto de Arte Americano e Investigaciones Est\u00e9ticas &#8211; UBA<\/a><\/li>\n<li><a href=\"#toc-2\">ANTECEDENTES\u00a0MEDIOAMBIENTALES DEL PROYECTO<\/a><\/li>\n<li><a href=\"#toc-3\">extra\u00f1os h\u00e1bitos con los que muchos arquitectos se identifican<\/a><\/li>\n<\/ul>\n<\/div>\n<p>Armando Casas es dirigido por los arquitectos Roberto Rodr\u00edguez y Ximena Davis, quienes trabajan con familias en colonias marginadas de Cuernavaca. Su trabajo es una estrategia efectiva de comunicaci\u00f3n de conocimientos especializados para que familias puedan construir sus propias casas. Es simplemente imposible pasar per\u00edodos tan largos de tiempo en el trabajo sin acumular algunos extra\u00f1os h\u00e1bitos a lo largo del camino.<\/p>\n<h2 id=\"toc-0\">Los pr\u00f3ximos grandes espacios p\u00fablicos ser\u00e1n interiores. \u00bfEst\u00e1n preparados los arquitectos?<\/h2>\n<p>En colaboraci\u00f3n con +KOTE, en este video la oficina After Belonging Agency (Carlos Minguez Carrasco, Ignacio Gal\u00e1n, Alejandra Navarrese Llopis, Llu\u00eds Alexandre Casanovas Blanco y Marina Otero Verzier) explican In Residence una de las dos exhibiciones principales de After Belonging, la Trienal de Oslo de este a\u00f1o. Nacido en Barcelona en 1948 y titulado por la Escuela T\u00e9cnica Superior de Arquitectura de Madrid en 1971, Almagro es director del servicio de Fotogrametr\u00eda e Infograf\u00eda de la Escuela de Estudios \u00c1rabes. Ha sido reconocido por su incesante esfuerzo por poner en valor la arquitectura tradicional de su pa\u00eds y contribuir al estudio de la arquitectura hispanomulsumana entre los siglos VIII y XV en la actual Andaluc\u00eda. &#8216;Por el car\u00e1cter pionero de su obra&#8217;, el espa\u00f1ol Antonio Almagro ha sido galardonado con el Premio Nacional de Restauraci\u00f3n y Conservaci\u00f3n de Bienes Culturales 2016, que entrega en su pa\u00eds el Ministerio de Educaci\u00f3n, Cultura y Deporte (MECD). El titular del proyecto, la Direcci\u00f3n General de Obras P\u00fablicas del Ministerio de Obras P\u00fablicas, ingres\u00f3 el proyecto Parque Inundable Intercomunal V\u00edctor Jara (ex La Aguada) al Sistema de Evaluaci\u00f3n de Impacto Ambiental (SEIA), por medio de una Declaraci\u00f3n de Impacto Ambiental (DIA), obteniendo una calificaci\u00f3n favorable ambientalmente en la RCA. La oficina Studio Seilern Architects (SSA) ha revelado el dise\u00f1o de un nuevo rascacielos en Nueva York, en la ribera del r\u00edo Hudson y con vistas hacia el skyline de Manhattan.<\/p>\n<h3 id=\"toc-1\">Revistas para descargar del Instituto de Arte Americano e Investigaciones Est\u00e9ticas &#8211; UBA<\/h3>\n<p>Northeast Collaborative Architects, que dirigi\u00f3 el redise\u00f1o, convirti\u00f3&nbsp;los dos pisos superiores en departamentos y el piso inferior en un gran&nbsp;espacio comercial. En este contexto, el Instituto de Vivienda Urbanismo y Construcci\u00f3n (IVUC), de la Universidad de San Mart\u00edn de Porres (USMP) de Lima, ha publicado, en diversos medios digitales, una serie de videos bajo el t\u00edtulo \u201cLima 8.7\u201d, relacionados a la amenaza de un sismo de magnitud entre 8.6 Mw y 8.9 Mw pronosticado para Lima. Originalmente pensado como un &quot;hospital p\u00fablico que atiende a pacientes que pod\u00edan pagar por un asistencia hospitalaria de alto nivel sic&quot;, el proyecto se transform\u00f3 en una sociedad entre el sector p\u00fablico y privado luego que estudios de factibilidad determinaron que el precio de atenci\u00f3n ser\u00eda &quot;prohibitivamente caro&quot;. Mental Canvas no es el primer software que intenta salvar el acto de esbozar, hemos visto herramientas de &quot;croquis&quot; en 3D tal como SketchUp, as\u00ed como aplicaciones que simulan simplemente dibujar en papel, como la popular gama de aplicaciones de Morpholio.<\/p>\n<h2 id=\"toc-2\">ANTECEDENTES&nbsp;MEDIOAMBIENTALES DEL PROYECTO<\/h2>\n<p>Pero lo que hace que Mental Canvas sea revolucionario es que tienes la capacidad de dibujar libremente en un espacio tridimensional sin las limitaciones del modelado CAD tradicional; es lo que Julie Dorsey, fundadora de Mental Canvas, llama un &quot;medio gr\u00e1fico&quot;; no totalmente plano, pero no totalmente en 3D. El software ser\u00e1 lanzado a finales de este a\u00f1o en los dispositivos de Microsoft Surface, incluyendo el recientemente anunciado Surface Studio, que trabaja con el hardware de las computadoras Surface y el Surface Dial para proporcionar una experiencia de esbozo natural en un lienzo virtual. La revista &#8216;Anales&#8217; del Instituto de Arte Americano (IAA) es una publicaci\u00f3n anual que se inicia desde el a\u00f1o 1948 como instrumento de comunicaci\u00f3n y difusi\u00f3n de las investigaciones, permitiendo que sus conocimientos est\u00e9n al alcance de las personas interesadas y aportando un archivo de gran valor para los estudios hist\u00f3ricos de Argentina. La Participaci\u00f3n Ciudadana procura establecer y facilitar el di\u00e1logo entre las comunidades y el Estado para que los proyectos, programas y pol\u00edticas respondan efectivamente a las necesidades de la poblaci\u00f3n.<\/p>\n<p>Seis meses han transcurrido y cientos de miles de arquitectos, urbanistas, dise\u00f1adores y turistas han examinado detenidamente tanto las Participaciones Nacionales (de las cuales este a\u00f1o hubo m\u00e1s representaciones que nunca) como la exposici\u00f3n central curada por Alejandro Aravena, el primer sudamericano en dirigir el evento m\u00e1s prestigioso del calendario arquitect\u00f3nico. Hemos hecho una recopilaci\u00f3n de nuestra extensa cobertura y, mientras la 15 \u00aa Biennale cierra sus puertas, nuestra colecci\u00f3n de art\u00edculos, entrevistas y extractos de publicaciones permanecer\u00e1n accesibles de manera permanente. Seg\u00fan el&nbsp;centro,&nbsp;\u201cla infraestructura de transporte es un factor cr\u00edtico de la forma urbana\u201d,&nbsp;una afirmaci\u00f3n que sostiene en que en&nbsp;gran medida determina la densidad o expansi\u00f3n de una ciudad junto con la ubicaci\u00f3n de la poblaci\u00f3n y la centralizaci\u00f3n de las funciones econ\u00f3micas. En una nueva edici\u00f3n, la revista Am\u00e9rica Econom\u00eda ha publicado su m\u00e1s reciente r\u00e1nking de universidades chilenas, coincidiendo con el inicio de un nuevo proceso de admisi\u00f3n a la educaci\u00f3n superior en 2017.<\/p>\n<p>Ubicado en el barrio de La Boca, en la Ciudad Aut\u00f3noma de Buenos Aires, &#8216;La Bombonera&#8217; -como se conoce al Estadio Alberto Jos\u00e9 Armando- se presenta como uno de los estadios <a href=\"https:\/\/casino.aeiseg.pt\/\">p\u00f3ker en l\u00ednea<\/a> m\u00e1s renombrados de Argentina por su particular forma y por ser propiedad del equipo de f\u00fatbol Club Atl\u00e9tico Boca Juniors. De esta forma, el proyecto se convirti\u00f3 en un complejo de uso mixto y de propiedad compartida entre el Gobierno de R\u00edo de Janeiro e inversionistas privados. Corea del Norte es uno de los pocos pa\u00edses que a\u00fan vive bajo un r\u00e9gimen comunista y tambi\u00e9n es el m\u00e1s aislado y desconocido por el resto del mundo. Esto es el resultado de la filosof\u00eda Juche, un sistema pol\u00edtico, religioso e ideol\u00f3gico basado en la autosuficiencia nacional e inspirado en los principios del marxismo-leninismo.<\/p>\n<p>En la Etapa 1 que se realiz\u00f3 una adecuaci\u00f3n,&nbsp; materializando nuevas \u00e1reas verdes, e instalaron juegos infantiles, m\u00e1quinas de ejercicios y nuevo equipamiento y mobiliario urbano de alto est\u00e1ndar. Entre 30 propuestas presentadas, el equipo de Miguel Casassus, Alvaro Ram\u00edrez, Francisco Cepeda y Jean Araya se adjudic\u00f3 el primer lugar del concurso de dise\u00f1o del Museo de la Memoria y Derechos Humanos de la regi\u00f3n del Biob\u00edo en Concepci\u00f3n (Chile), seg\u00fan inform\u00f3 el Gobierno Regional ayer mi\u00e9rcoles 23 de noviembre. Asimismo, el jurado otorg\u00f3 el segundo lugar al equipo liderado por Ximena Busquets; el tercero en la propuesta de Lorenzo Flux\u00e1 y la menci\u00f3n honrosa recay\u00f3 en Bernardo Suazo. El Instituto de Arte Americano e Investigaciones Est\u00e9ticas -de la Universidad de Buenos Aires (UBA)- fue creado en 1946 con motivo de abordar la investigaci\u00f3n, estudio y cr\u00edtica de la historia en relaci\u00f3n a la teor\u00eda, el h\u00e1bitat, la arquitectura y la ciudad. Sus estudios abarcan desde la amplitud de Iberoam\u00e9rica hasta lo particular de la Ciudad Aut\u00f3noma de Buenos Aires y ha constituido un espacio de consulta tanto para las estudiantes como investigadores argentinos.<\/p>\n<p>Sin embargo, en los \u00faltimos a\u00f1os el pa\u00eds ha relajado ligeramente sus restricciones en el turismo, permitiendo el acceso a un limitado n\u00famero de visitantes. En su serie &quot;North Korea \u2013 Vintage Socialist Architecture\u201d, el fot\u00f3grafo franc\u00e9s Raphael Olivier registra la herencia arquitect\u00f3nica de Pyongyang, la secreta capital de Corea del Norte. ArchDaily entrevist\u00f3 a Oliver sobre su proyecto y su visi\u00f3n sobre Corea del Norte, su arquitectura y su estilo de vida. El objetivo es recibir y responder las inquietudes que manifieste la comunidad, sobre distintas materias que puedan generar incertidumbre, como tambi\u00e9n las afectaciones que pueda ocasionar la obra durante su ejecuci\u00f3n. El proyecto incorpor\u00f3 la instalaci\u00f3n de c\u00e9sped y cubresuelos, \u00e1rboles y especies arbustivas, instalaciones el\u00e9ctricas y de iluminaci\u00f3n, que resultaron de la implementaci\u00f3n de nuevos elementos de paisajismo y arquitectura urbana dise\u00f1ados. Tambi\u00e9n, se incorpor\u00f3 una soluci\u00f3n de cierro perimetral del parque, que permite la continuidad de los senderos peatonales y ciclov\u00eda, por el interior y exterior del parque.<\/p>\n<ul>\n<li>Originalmente pensado como un &quot;hospital p\u00fablico que atiende a pacientes que pod\u00edan pagar por un asistencia hospitalaria de alto nivel sic&quot;, el proyecto se transform\u00f3 en una sociedad entre el sector p\u00fablico y privado luego que estudios de factibilidad determinaron que el precio de atenci\u00f3n ser\u00eda &quot;prohibitivamente caro&quot;.<\/li>\n<li>Sin embargo, en los \u00faltimos a\u00f1os el pa\u00eds ha relajado ligeramente sus restricciones en el turismo, permitiendo el acceso a un limitado n\u00famero de visitantes.<\/li>\n<li>Adem\u00e1s de la evaluaci\u00f3n general, donde la Universidad de Chile vuelve a liderar la tabla, la publicaci\u00f3n presenta el r\u00e1nking espec\u00edfico de las 15 carreras &quot;ma\u0301s demandadas o de mayor connotacio\u0301n y prestigio&quot; en Chile, incluyendo Arquitectura.<\/li>\n<li>Armando Casas es dirigido por los arquitectos Roberto Rodr\u00edguez y Ximena Davis, quienes trabajan con familias en colonias marginadas de Cuernavaca.<\/li>\n<\/ul>\n<p>Este proyecto de aguas lluvias, conducir\u00e1 a piscinas el Zanj\u00f3n de La Aguada durante la ocurrencia de grandes lluvias, evitando con esto las inundaciones que se producen por los desbordes, debido a la falta de capacidad de evacuaci\u00f3n del tramo abovedado, menor al tramo canalizado de forma abierta. Adem\u00e1s, dispone para la ciudadan\u00eda de un entorno de esparcimiento y recreaci\u00f3n la mayor parte del tiempo, lo que genera un impacto en la calidad de vida de los habitantes del entorno y recuperaci\u00f3n urbana. El Parque Inundable Intercomunal V\u00edctor Jara (ex La Aguada), es un proyecto concebido bajo el concepto de Parque Inundable, es decir, un espacio p\u00fablico con un dise\u00f1o hidr\u00e1ulico y paisajismo incorporado. Su objetivo es conducir y regular las crecidas del Zanj\u00f3n de La Aguada en periodo de grandes lluvias, evitando las inundaciones en las zonas aleda\u00f1as, y al mismo tiempo, generar un espacio p\u00fablico, y recreacional, al aire libre para los habitantes de la zona sur de la ciudad.<\/p>\n","protected":false},"excerpt":{"rendered":"<p>Contenido Los pr\u00f3ximos grandes espacios p\u00fablicos ser\u00e1n interiores. \u00bfEst\u00e1n preparados los arquitectos? Revistas para descargar del Instituto de Arte Americano e Investigaciones Est\u00e9ticas &#8211; UBA ANTECEDENTES\u00a0MEDIOAMBIENTALES DEL PROYECTO extra\u00f1os h\u00e1bitos con los que muchos arquitectos se identifican Armando Casas es dirigido por los arquitectos Roberto Rodr\u00edguez y Ximena Davis, quienes trabajan con familias en colonias [&hellip;]<\/p>\n","protected":false},"author":7,"featured_media":0,"comment_status":"closed","ping_status":"","sticky":false,"template":"","format":"standard","meta":[],"categories":[1],"tags":[],"_links":{"self":[{"href":"https:\/\/www.pcube.tech\/blog\/wp-json\/wp\/v2\/posts\/9282"}],"collection":[{"href":"https:\/\/www.pcube.tech\/blog\/wp-json\/wp\/v2\/posts"}],"about":[{"href":"https:\/\/www.pcube.tech\/blog\/wp-json\/wp\/v2\/types\/post"}],"author":[{"embeddable":true,"href":"https:\/\/www.pcube.tech\/blog\/wp-json\/wp\/v2\/users\/7"}],"replies":[{"embeddable":true,"href":"https:\/\/www.pcube.tech\/blog\/wp-json\/wp\/v2\/comments?post=9282"}],"version-history":[{"count":1,"href":"https:\/\/www.pcube.tech\/blog\/wp-json\/wp\/v2\/posts\/9282\/revisions"}],"predecessor-version":[{"id":9283,"href":"https:\/\/www.pcube.tech\/blog\/wp-json\/wp\/v2\/posts\/9282\/revisions\/9283"}],"wp:attachment":[{"href":"https:\/\/www.pcube.tech\/blog\/wp-json\/wp\/v2\/media?parent=9282"}],"wp:term":[{"taxonomy":"category","embeddable":true,"href":"https:\/\/www.pcube.tech\/blog\/wp-json\/wp\/v2\/categories?post=9282"},{"taxonomy":"post_tag","embeddable":true,"href":"https:\/\/www.pcube.tech\/blog\/wp-json\/wp\/v2\/tags?post=9282"}],"curies":[{"name":"wp","href":"https:\/\/api.w.org\/{rel}","templated":true}]}}